[{"@context":"https:\/\/schema.org\/","@type":"Article","@id":"https:\/\/www.norsam.sk\/slovensko-ma-vraj-malo-zamestnancov-preco-asi\/#Article","mainEntityOfPage":"https:\/\/www.norsam.sk\/slovensko-ma-vraj-malo-zamestnancov-preco-asi\/","headline":"Slovensko m\u00e1 vraj m\u00e1lo zamestnancov, pre\u010do asi?!","name":"Slovensko m\u00e1 vraj m\u00e1lo zamestnancov, pre\u010do asi?!","description":"Z ur\u010dit\u00fdch zdrojov sa m\u00f4\u017eeme dozvedie\u0165,\u00a0 \u010do sa t\u00fdka ekonomiky Slovenska,\u00a0 vraj v\u0161etk\u00e9mu je\u00a0 na vine hlavne fakt, \u017ee Slovensko m\u00e1 m\u00e1lo kvalifikovan\u00fdch pracovn\u00edkov, vlastne m\u00e1lo pracovn\u00edkov celkovo, vraj s\u00fa n\u00e1ro\u010dn\u00ed a leniv\u00ed, pr\u00edli\u0161 nesk\u00fasen\u00ed, pr\u00edli\u0161 star\u00ed. \u2022\u00a0\u00a0\u00a0\u00a0\u00a0\u00a0\u00a0\u00a0 \u00a0Tak ale ak sa pozriem na d\u00f4vody nezamestnanosti z tej druhej strany, vedel by som to argumentova\u0165 [&hellip;]","datePublished":"2017-12-12","dateModified":"2017-12-12","author":{"@type":"Person","@id":"https:\/\/www.norsam.sk\/author\/#Person","name":"","url":"https:\/\/www.norsam.sk\/author\/","identifier":1,"image":{"@type":"ImageObject","@id":"https:\/\/secure.gravatar.com\/avatar\/da76ffe9456a057fb26f92cd8eb3d2effca853864e9ae2a35290bd1e10b1f7d4?s=96&d=mm&r=g","url":"https:\/\/secure.gravatar.com\/avatar\/da76ffe9456a057fb26f92cd8eb3d2effca853864e9ae2a35290bd1e10b1f7d4?s=96&d=mm&r=g","height":96,"width":96}},"publisher":{"@type":"Organization","name":"norsam.sk","logo":{"@type":"ImageObject","@id":"\/logo.png","url":"\/logo.png","width":600,"height":60}},"image":{"@type":"ImageObject","@id":"https:\/\/www.norsam.sk\/wp-content\/uploads\/img_a284887_w16475_t1518429044.jpg","url":"https:\/\/www.norsam.sk\/wp-content\/uploads\/img_a284887_w16475_t1518429044.jpg","height":0,"width":0},"url":"https:\/\/www.norsam.sk\/slovensko-ma-vraj-malo-zamestnancov-preco-asi\/","wordCount":528,"articleBody":"Z ur\u010dit\u00fdch zdrojov sa m\u00f4\u017eeme dozvedie\u0165,\u00a0 \u010do sa t\u00fdka ekonomiky Slovenska,\u00a0 vraj v\u0161etk\u00e9mu je\u00a0 na vine hlavne fakt, \u017ee Slovensko m\u00e1 m\u00e1lo kvalifikovan\u00fdch pracovn\u00edkov, vlastne m\u00e1lo pracovn\u00edkov celkovo, vraj s\u00fa n\u00e1ro\u010dn\u00ed a leniv\u00ed, pr\u00edli\u0161 nesk\u00fasen\u00ed, pr\u00edli\u0161 star\u00ed.\u2022\u00a0\u00a0\u00a0\u00a0\u00a0\u00a0\u00a0\u00a0 \u00a0Tak ale ak sa pozriem na d\u00f4vody nezamestnanosti z tej druhej strany, vedel by som to argumentova\u0165 mnoh\u00fdmi opa\u010dn\u00fdmi d\u00f4vodmi, ktor\u00fdmi by som zaplnil nie jeden, ale p\u00e4\u0165 \u010dl\u00e1nkov a ur\u010dite nie som jedin\u00fd. Pozrime sa teda na t\u00fa nezamestnanos\u0165 a m\u00e1lo kvalifikovan\u00fdch pracovn\u00edkov v na\u0161ej krajine z tejto druhej strany mince, ktor\u00e1 mi pripad\u00e1 pravdivej\u0161ia a t\u00fdm d\u00f4vodom venujem pr\u00e1ve tento \u010dl\u00e1nok.Vraj n\u00e1ro\u010dn\u00ed, leniv\u00ed, tak ako\u017ee v tomto striktne nes\u00fahlas\u00edm, predsa fakty hovoria nie\u010do \u00faplne in\u00e9. Dokonca si mysl\u00edm, \u017ee na\u0161i ob\u010dania sa sna\u017eia pracova\u0165 a pre\u017ei\u0165 ako sa len d\u00e1, nemaj\u00fa na v\u00fdber, pr\u00edjmu a toleruj\u00fa hrozn\u00e9 pracovn\u00e9 podmienky, s\u00fa ochotn\u00ed podvoli\u0165 sa v\u0161etk\u00e9mu. To zamestn\u00e1vatelia s\u00fa vo v\u00e4\u010d\u0161ine pr\u00edpadoch prive\u013emi n\u00e1ro\u010dn\u00ed a nech\u00fa sa dohodn\u00fa\u0165 ani len na tom, ako v\u00e1m do pr\u00e1ce prich\u00e1dzaj\u00fa spoje, netoleruj\u00fac p\u00e4\u0165 min\u00fat. A navy\u0161e, zamestnanci nemaj\u00fa v tom priemysle ist\u00fa bud\u00facnos\u0165. Ten zamestnanec im nestoj\u00ed ani za dial\u00f3g. \u013dudia v z\u00e1vodoch doslova odpad\u00e1vaj\u00fa, na druh\u00fd de\u0148 v\u0161ak id\u00fa pracova\u0165 zasa, niekedy to u\u017e po pol roku skr\u00e1tka psychicky a fyzicky neunes\u00fa, tak od\u00eddu, alebo maj\u00fa jeden slab\u0161\u00ed de\u0148 a okam\u017eite ich prepustia. To je t\u00e1 pravda.\u2022\u00a0\u00a0\u00a0\u00a0\u00a0\u00a0\u00a0\u00a0 A to ani nespom\u00ednam fakt, \u017ee za hranicami zarobia za tak\u00fd v\u00fdkon minim\u00e1lne dvakr\u00e1t viac, pri\u010dom podmienky s\u00fa tam \u013eudskej\u0161ie, dokonca i \u0161ir\u0161ie spektrum poz\u00edci\u00ed a priemyslov a to aj pre imigranta, v tomto pr\u00edpade Slov\u00e1ka.\u010eal\u0161ia vec, ak st\u00e1le dookola m\u00e1me iba automobilov\u00fd priemysel a st\u00e1le dookola b\u00fdva vo\u013en\u00e9 pracovn\u00e9 miesto ako oper\u00e1tor v\u00fdroby, k \u010domu in\u00e9mu sa teda \u013eudia maj\u00fa kvalifikova\u0165, aby sa im to oplatilo? Aj t\u00e1 kvalifik\u00e1cia nie\u010do nestoj\u00ed a ak je \u010dlovek nezamestnan\u00fd, z \u010doho si ju m\u00e1 plati\u0165? \u00darad v\u00e1m preplat\u00ed len kurzy, ktor\u00e9 v\u00e1m bud\u00fa viac menej nani\u010d. Tie kurzy, ktor\u00e9 by mohli re\u00e1lne pom\u00f4c\u0165, stoja minim\u00e1lne 200 Euro.Po tretie, obyvate\u013eia s\u00fa nesk\u00fasen\u00ed, star\u00ed a je ich m\u00e1lo. \u00c1no, je to tak, preto\u017ee t\u00e1 stredn\u00e1 a schopnej\u0161ia vrstva obyvate\u013estva logicky odch\u00e1dza pracova\u0165 do zahrani\u010dia z d\u00f4vodov, ktor\u00e9 som spomenul vy\u0161\u0161ie a navy\u0161e, m\u00e1me n\u00edzku plodnos\u0165 a popul\u00e1ciu z d\u00f4vodov migr\u00e1cie, no ale aj z in\u00e9ho d\u00f4vodu, \u017ee z platu 400- 500 Euro a vysok\u00fdm poplatkom sa \u013eudia boja zaklada\u0165 si rodiny a plodi\u0165 tu potomsto. Ako by ho potom vychov\u00e1vali a ak\u00fa bud\u00facnos\u0165 by im na Slovensku mohli zabezbe\u010di\u0165? Rovnak\u00fa, ak\u00e1 dostihla ich.\u00a0                                                                                                                                                                                                                                                                                                                                                                                                "},{"@context":"https:\/\/schema.org\/","@type":"BreadcrumbList","itemListElement":[{"@type":"ListItem","position":1,"name":"Slovensko m\u00e1 vraj m\u00e1lo zamestnancov, pre\u010do asi?!","item":"https:\/\/www.norsam.sk\/slovensko-ma-vraj-malo-zamestnancov-preco-asi\/#breadcrumbitem"}]}]